{"id":5786,"date":"2019-12-14T13:50:42","date_gmt":"2019-12-14T13:50:42","guid":{"rendered":"https:\/\/dornmusic.com\/?p=5786"},"modified":"2019-12-18T17:46:58","modified_gmt":"2019-12-18T17:46:58","slug":"tamas-palfalvi-erhaelt-begeistere-kritik-fuer-debuet-mit-der-tschechischen-philharmonie-in-prag","status":"publish","type":"post","link":"https:\/\/dornmusic.com\/de\/tamas-palfalvi-erhaelt-begeistere-kritik-fuer-debuet-mit-der-tschechischen-philharmonie-in-prag\/","title":{"rendered":"Tam\u00e1s P\u00e1lfalvi erh\u00e4lt begeistere Kritik f\u00fcr Deb\u00fct mit der Tschechischen Philharmonie in Prag"},"content":{"rendered":"<p style=\"text-align: center;\">\u201c<a class=\"profileLink\" href=\"https:\/\/www.facebook.com\/tamastrumpet\/?fref=mentions&amp;__xts__%5B0%5D=68.ARCbUR9C7zGvw4PMFTKrEjvlagXkbXQ0he86hqEeBn-8R6qQRh1P1b0D79sWwGOXub0MXvjmHxMKMEEkGSLAp_7S-7SHxmwQn6gCmkyWnXbWCOnzE7kqQHxIN6vHZPpYQPZZqOsBg27sFGWS6hogqA7YZ0Qlalm-cwUAUMHdVVGdTxdtEubVICXNlteOl7nGhZ8GLyTe4iviWO31ufiJeD81tAQvGgeiccAmW-wyqT6ONcJgRg6y0t6bXRSHihxZZmWnFkOkB3l9wA9eIZXc3jF2DQ_hvseHX9FqXwbLllJKlfw1PqSeQ87Bobi57xip3mHgnM9pfCLvZVpWyMstr9YLnuPt&amp;__tn__=K-R\">Tam\u00e1s P\u00e1lfalvi<\/a>\u00a0bot eines der bemerkenswertesten Konzerte der Saison.\u00a0Er zeigte absolute Konzentration, pr\u00e4zise Intonation und Detailreichtum, sowie einen wunderbaren Sinn f\u00fcr Klang. Alles gr\u00fcndete tief in einer ausgepr\u00e4gten musikalischen Intelligenz.\u00a0<span lang=\"de\" tabindex=\"0\">F\u00fcr mich unvergesslich war die Quasi-Kadenz, mit ihren an Jazz erinnernden Elementen, w\u00e4hrend der er Zeit und Raum im Dvo\u0159\u00e1k-Saal v\u00f6llig beherrschte.&#8220;<\/span><br \/>\n&#8211; KlasikaPlus.cz &#8211;<\/p>\n<p>Mit drei Konzerten von\u00a0<a href=\"https:\/\/www.facebook.com\/Peter-E%C3%B6tv%C3%B6s-28504207073\/?fref=mentions&amp;__xts__%5B0%5D=68.ARCbUR9C7zGvw4PMFTKrEjvlagXkbXQ0he86hqEeBn-8R6qQRh1P1b0D79sWwGOXub0MXvjmHxMKMEEkGSLAp_7S-7SHxmwQn6gCmkyWnXbWCOnzE7kqQHxIN6vHZPpYQPZZqOsBg27sFGWS6hogqA7YZ0Qlalm-cwUAUMHdVVGdTxdtEubVICXNlteOl7nGhZ8GLyTe4iviWO31ufiJeD81tAQvGgeiccAmW-wyqT6ONcJgRg6y0t6bXRSHihxZZmWnFkOkB3l9wA9eIZXc3jF2DQ_hvseHX9FqXwbLllJKlfw1PqSeQ87Bobi57xip3mHgnM9pfCLvZVpWyMstr9YLnuPt&amp;__tn__=K-R\">Peter E\u00f6tv\u00f6s&#8216;<\/a> &#8222;Jet Stream&#8220; gab Tam\u00e1s am Wochenende sein Deb\u00fct bei der <a href=\"https:\/\/www.facebook.com\/ceskafilharmonie\/?fref=mentions&amp;__xts__%5B0%5D=68.ARCbUR9C7zGvw4PMFTKrEjvlagXkbXQ0he86hqEeBn-8R6qQRh1P1b0D79sWwGOXub0MXvjmHxMKMEEkGSLAp_7S-7SHxmwQn6gCmkyWnXbWCOnzE7kqQHxIN6vHZPpYQPZZqOsBg27sFGWS6hogqA7YZ0Qlalm-cwUAUMHdVVGdTxdtEubVICXNlteOl7nGhZ8GLyTe4iviWO31ufiJeD81tAQvGgeiccAmW-wyqT6ONcJgRg6y0t6bXRSHihxZZmWnFkOkB3l9wA9eIZXc3jF2DQ_hvseHX9FqXwbLllJKlfw1PqSeQ87Bobi57xip3mHgnM9pfCLvZVpWyMstr9YLnuPt&amp;__tn__=K-R\">Tschechischen Philharmonie<\/a>, dirigiert vom Komponisten selbst. Herzlichen Gl\u00fcckwunsch zu dieser ph\u00e4nomenalen Kritik!<\/p>\n<div class=\"text_exposed_show\">\n<p>Originaler Artikel <a href=\"https:\/\/www.klasikaplus.cz\/reflexe-2\/item\/2642-dramaturgie-jako-vanocni-darek-peter-e-tv-s-s-ceskou-filharmonii\">hier<\/a><\/p>\n<p>&nbsp;<\/p>\n<p>&nbsp;<\/p>\n<\/div>\n","protected":false},"excerpt":{"rendered":"<p>\u201cTam\u00e1s P\u00e1lfalvi\u00a0bot eines der bemerkenswertesten Konzerte der Saison.\u00a0Er zeigte absolute Konzentration, pr\u00e4zise&#8230;<\/p>\n","protected":false},"author":3,"featured_media":5788,"comment_status":"closed","ping_status":"closed","sticky":false,"template":"","format":"standard","meta":{"footnotes":""},"categories":[8],"tags":[],"class_list":{"0":"post-5786","1":"post","2":"type-post","3":"status-publish","4":"format-standard","5":"has-post-thumbnail","7":"category-news"},"_links":{"self":[{"href":"https:\/\/dornmusic.com\/de\/wp-json\/wp\/v2\/posts\/5786","targetHints":{"allow":["GET"]}}],"collection":[{"href":"https:\/\/dornmusic.com\/de\/wp-json\/wp\/v2\/posts"}],"about":[{"href":"https:\/\/dornmusic.com\/de\/wp-json\/wp\/v2\/types\/post"}],"author":[{"embeddable":true,"href":"https:\/\/dornmusic.com\/de\/wp-json\/wp\/v2\/users\/3"}],"replies":[{"embeddable":true,"href":"https:\/\/dornmusic.com\/de\/wp-json\/wp\/v2\/comments?post=5786"}],"version-history":[{"count":0,"href":"https:\/\/dornmusic.com\/de\/wp-json\/wp\/v2\/posts\/5786\/revisions"}],"wp:featuredmedia":[{"embeddable":true,"href":"https:\/\/dornmusic.com\/de\/wp-json\/wp\/v2\/media\/5788"}],"wp:attachment":[{"href":"https:\/\/dornmusic.com\/de\/wp-json\/wp\/v2\/media?parent=5786"}],"wp:term":[{"taxonomy":"category","embeddable":true,"href":"https:\/\/dornmusic.com\/de\/wp-json\/wp\/v2\/categories?post=5786"},{"taxonomy":"post_tag","embeddable":true,"href":"https:\/\/dornmusic.com\/de\/wp-json\/wp\/v2\/tags?post=5786"}],"curies":[{"name":"wp","href":"https:\/\/api.w.org\/{rel}","templated":true}]}}