{"id":8158,"date":"2021-04-17T16:40:24","date_gmt":"2021-04-17T16:40:24","guid":{"rendered":"https:\/\/dornmusic.com\/?p=8158"},"modified":"2021-04-17T16:42:48","modified_gmt":"2021-04-17T16:42:48","slug":"broadcast-jan-lisiecki-ocne","status":"publish","type":"post","link":"https:\/\/dornmusic.com\/de\/broadcast-jan-lisiecki-ocne\/","title":{"rendered":"Live im Radio: Jan Lisiecki und das Orquesta Nacional de Espa\u00f1a unter \u00c1lvaro Albiach spielen Mendelssohn"},"content":{"rendered":"<p>Am Sonntag, den 18. April um 11:30 MEZ \/ 05:30 ET \u00fcbertragt Radio Cl\u00e1sica Jan Lisieckis Konzert mit dem Orquesta Nacional de Espa\u00f1a unter \u00c1lvaro Albiach, live und weltweit frei zug\u00e4nglich\u00a0<a href=\"https:\/\/www.rtve.es\/radio\/radio-clasica\/directo\/\">unter diesem Link<\/a>.<\/p>\n<p>Die Matin\u00e9e ist das letzte von insgesamt drei Konzerten in Madrid diese Woche. Au\u00dfer Mendelssohns erstem Klavierkonzert stehen eine Weltpremiere von Komponistin Alicia D\u00edaz de la Fuente auf dem Programm, sowie das Adagio aus der zehnten Symphonie von Gustav Mahler.<\/p>\n","protected":false},"excerpt":{"rendered":"<p>Am Sonntag, den 18. April um 11:30 MEZ \/ 05:30 ET \u00fcbertragt&#8230;<\/p>\n","protected":false},"author":3,"featured_media":6881,"comment_status":"closed","ping_status":"closed","sticky":false,"template":"","format":"standard","meta":{"footnotes":""},"categories":[8],"tags":[],"class_list":{"0":"post-8158","1":"post","2":"type-post","3":"status-publish","4":"format-standard","5":"has-post-thumbnail","7":"category-news"},"_links":{"self":[{"href":"https:\/\/dornmusic.com\/de\/wp-json\/wp\/v2\/posts\/8158","targetHints":{"allow":["GET"]}}],"collection":[{"href":"https:\/\/dornmusic.com\/de\/wp-json\/wp\/v2\/posts"}],"about":[{"href":"https:\/\/dornmusic.com\/de\/wp-json\/wp\/v2\/types\/post"}],"author":[{"embeddable":true,"href":"https:\/\/dornmusic.com\/de\/wp-json\/wp\/v2\/users\/3"}],"replies":[{"embeddable":true,"href":"https:\/\/dornmusic.com\/de\/wp-json\/wp\/v2\/comments?post=8158"}],"version-history":[{"count":0,"href":"https:\/\/dornmusic.com\/de\/wp-json\/wp\/v2\/posts\/8158\/revisions"}],"wp:featuredmedia":[{"embeddable":true,"href":"https:\/\/dornmusic.com\/de\/wp-json\/wp\/v2\/media\/6881"}],"wp:attachment":[{"href":"https:\/\/dornmusic.com\/de\/wp-json\/wp\/v2\/media?parent=8158"}],"wp:term":[{"taxonomy":"category","embeddable":true,"href":"https:\/\/dornmusic.com\/de\/wp-json\/wp\/v2\/categories?post=8158"},{"taxonomy":"post_tag","embeddable":true,"href":"https:\/\/dornmusic.com\/de\/wp-json\/wp\/v2\/tags?post=8158"}],"curies":[{"name":"wp","href":"https:\/\/api.w.org\/{rel}","templated":true}]}}