{"id":9221,"date":"2021-09-14T13:44:24","date_gmt":"2021-09-14T13:44:24","guid":{"rendered":"https:\/\/dornmusic.com\/?p=9221"},"modified":"2021-09-24T08:16:22","modified_gmt":"2021-09-24T08:16:22","slug":"tarmo-peltokoski-gibt-debut-mit-dem-kammerorchester-basel-beim-festival-montreux","status":"publish","type":"post","link":"https:\/\/dornmusic.com\/de\/tarmo-peltokoski-gibt-debut-mit-dem-kammerorchester-basel-beim-festival-montreux\/","title":{"rendered":"Tarmo Peltokoski gibt Deb\u00fct mit dem Kammerorchester Basel beim Festival Montreux"},"content":{"rendered":"<p>Tarmo Peltokoski springt f\u00fcr Louis Langree beim Festival Septembre Musical Montreux-Vevey mit dem Kammerorchester Basel ein.<\/p>\n<p>Der junge finnische Dirigent wird das Kammerorchester Basel mit der Solistin Sol Gabetta leiten.<br \/>\nSie f\u00fchren W.A. Mozarts Ouvert\u00fcre zu Le Nozze di Figaro sowie die Symphonie Nr. 35 in D-Dur &#8222;Haffner&#8220;, G. Faur\u00e9s \u00c9l\u00e9gie f\u00fcr Cello und Orchester op. 24 und C. Saint-Sa\u00ebns&#8216; Cellokonzert Nr. 1 auf.<\/p>\n<p>Das Konzert findet am 19. September um 18.00 Uhr im Auditorium Stravinski Montreux statt.<\/p>\n<p>F\u00fcr weitere Informationen <a href=\"https:\/\/www.septmus.ch\/kammerorchester-basel-de2266.html\">besuchen Sie die Website des Festival Montreux-Vevey<\/a>.<\/p>\n","protected":false},"excerpt":{"rendered":"<p>Tarmo Peltokoski springt f\u00fcr Louis Langree beim Festival Septembre Musical Montreux-Vevey mit&#8230;<\/p>\n","protected":false},"author":3,"featured_media":9467,"comment_status":"closed","ping_status":"closed","sticky":false,"template":"","format":"standard","meta":{"footnotes":""},"categories":[8],"tags":[],"class_list":{"0":"post-9221","1":"post","2":"type-post","3":"status-publish","4":"format-standard","5":"has-post-thumbnail","7":"category-news"},"_links":{"self":[{"href":"https:\/\/dornmusic.com\/de\/wp-json\/wp\/v2\/posts\/9221","targetHints":{"allow":["GET"]}}],"collection":[{"href":"https:\/\/dornmusic.com\/de\/wp-json\/wp\/v2\/posts"}],"about":[{"href":"https:\/\/dornmusic.com\/de\/wp-json\/wp\/v2\/types\/post"}],"author":[{"embeddable":true,"href":"https:\/\/dornmusic.com\/de\/wp-json\/wp\/v2\/users\/3"}],"replies":[{"embeddable":true,"href":"https:\/\/dornmusic.com\/de\/wp-json\/wp\/v2\/comments?post=9221"}],"version-history":[{"count":0,"href":"https:\/\/dornmusic.com\/de\/wp-json\/wp\/v2\/posts\/9221\/revisions"}],"wp:featuredmedia":[{"embeddable":true,"href":"https:\/\/dornmusic.com\/de\/wp-json\/wp\/v2\/media\/9467"}],"wp:attachment":[{"href":"https:\/\/dornmusic.com\/de\/wp-json\/wp\/v2\/media?parent=9221"}],"wp:term":[{"taxonomy":"category","embeddable":true,"href":"https:\/\/dornmusic.com\/de\/wp-json\/wp\/v2\/categories?post=9221"},{"taxonomy":"post_tag","embeddable":true,"href":"https:\/\/dornmusic.com\/de\/wp-json\/wp\/v2\/tags?post=9221"}],"curies":[{"name":"wp","href":"https:\/\/api.w.org\/{rel}","templated":true}]}}